{"id":2419,"date":"2024-05-02T21:30:27","date_gmt":"2024-05-03T00:30:27","guid":{"rendered":"https:\/\/centrosportivoalagoano.com.br\/index.php\/2024\/05\/02\/csa-al-acerta-com-dois-atacantes-de-caracteristicas-semelhantes\/"},"modified":"2024-05-02T21:30:27","modified_gmt":"2024-05-03T00:30:27","slug":"csa-al-acerta-com-dois-atacantes-de-caracteristicas-semelhantes","status":"publish","type":"post","link":"https:\/\/centrosportivoalagoano.com.br\/index.php\/2024\/05\/02\/csa-al-acerta-com-dois-atacantes-de-caracteristicas-semelhantes\/","title":{"rendered":"CSA-AL acerta com dois atacantes de caracter\u00edsticas semelhantes"},"content":{"rendered":"<p><\/p>\n<div>\n<p>                            <!-- Novorizontino --><\/p>\n<p>                            <!-- Rio Preto --><\/p>\n<p>                            <!-- Coritiba--><\/p>\n<p>Macei\u00f3, AL, 02 (AFI) \u2013 Aberto ao mercado, o <strong><a rel=\"nofollow noopener\" href=\"https:\/\/www.google.com\/url?sa=t&amp;rct=j&amp;q=&amp;esrc=s&amp;source=web&amp;cd=&amp;cad=rja&amp;uact=8&amp;ved=2ahUKEwi1ia_8kvCFAxWmLLkGHTERDicQFnoECAcQAQ&amp;url=https%3A%2F%2Fwww.instagram.com%2Fcsaoficial%2F&amp;usg=AOvVaw306jCD_0RenYfo9jqY4d_K&amp;opi=89978449\" target=\"_blank\">CSA-AL<\/a><\/strong> procurou por atacantes de beirada para se refor\u00e7ar. Com um in\u00edcio ruim na <strong><a rel=\"nofollow\" href=\"https:\/\/www.futebolinterior.com.br\/campeonato\/brasileirao-serie-c-2024\/\">S\u00e9rie C do Campeonato Brasileiro<\/a><\/strong>, a op\u00e7\u00f5es que chegam para o t\u00e9cnico Cristian Souza s\u00e3o de velocidade no setor ofensivo.<\/p>\n<p>O primeiro nome \u00e9 do atacante Richard, de 24 anos, que disputou o Paulist\u00e3o pelo Santo Andr\u00e9 mas em seguida deixou o clube. O ponta direita fez oito jogos e deu uma assist\u00eancia. No curr\u00edculo ainda tem passagens por Chapecoense-SC, Portuguesa, CRB-AL, Ponte Preta, Botafogo-SP, Vila Nova-GO e Internacional-RS, al\u00e9m do futebol portugu\u00eas.<\/p>\n<div class=\"wp-block-image aligncenter\">\n<figure class=\"aligncenter size-large\"><figcaption>Richard ir\u00e1 defender o Azul\u00e3o (Foto: Ag Paulist\u00e3o)<\/figcaption><\/figure>\n<\/div>\n<p>O outro nome \u00e9 de um atleta natural de Salvaterra, no Par\u00e1, que atua principalmente pelo lado esquerdo e tem 21 anos. Roger, que pertence ao Paysandu-PA, tamb\u00e9m deve chegar ao CSA por empr\u00e9stimo. Sem espa\u00e7o no elenco de H\u00e9lio dos Anjos, o atacante sequer estreou na temporada, e vem de um 2023 onde atuou 11 vezes pelo Pap\u00e3o, seu clube formador.<\/p>\n<p>A dupla deve ser anunciada nos pr\u00f3ximos dias e ampliar a lista de chegadas do Azul\u00e3o. At\u00e9 o momento refor\u00e7aram o clube o goleiro Thomazella, os laterais Raphinha e Dal Pian, o zagueiro Bruno Cardoso, os meio-campistas Buga, Dudu Mara\u00edma e Alan Pedro, e os atacantes Vitor Leque e Iury Tanque.<\/p>\n<h2>CSA PASSOU POR MUDAN\u00c7AS PARA S\u00c9RIE C<\/h2>\n<p>No in\u00edcio da temporada, o elenco montado pelo CSA com o t\u00e9cnico Rog\u00e9rio Corr\u00eaa era completamente diferente. Por\u00e9m, o treinador deixou o clube ap\u00f3s tr\u00eas jogos, sucedido por Marcelo Cabo, que ficou outros oito, at\u00e9 Cristian Souza assumir.<\/p>\n<p>Disputando a S\u00e9rie C, o Azul\u00e3o vem de derrota para o Ypiranga-RS e empate com a Ferrovi\u00e1ria-SP. Na segunda-feira (06), vai enfrentar o Londrina-PR, \u00e0s 20h, no Est\u00e1dio do Caf\u00e9, pela terceira rodada.<\/p>\n<p>                            <!-- Rio Preto --><\/p>\n<p>                            <!-- Novorizontino --><\/p>\n<p>                            <!-- \n\n<div id='zone_2085510584'><\/div>\n\n --><\/p>\n<p>                            <!-- \n\n<div id='zone_2007200040'><\/div>\n\n --><\/p>\n<p>                            <!-- \n\n<div id='zone_1503995442'><\/div>\n\n --><\/p>\n<section class=\"checkit--ordered\">&#13;<\/p>\n<h3 class=\"checkit__title\"> Confira tamb\u00e9m: <\/h3>\n<p>&#13;<br \/>\n&#13;<br \/>\n                                    &#13;<br \/>\n                                <\/section>\n<\/p><\/div>\n<p><script async src=\"\/\/www.instagram.com\/embed.js\"><\/script><\/p>\n","protected":false},"excerpt":{"rendered":"<p>Macei\u00f3, AL, 02 (AFI) \u2013 Aberto ao mercado, o CSA-AL procurou por atacantes de beirada para se refor\u00e7ar. Com um in\u00edcio ruim na S\u00e9rie C do Campeonato Brasileiro, a op\u00e7\u00f5es que chegam para o t\u00e9cnico Cristian Souza s\u00e3o de velocidade no setor ofensivo. O primeiro nome \u00e9 do atacante Richard, de 24 anos, que disputou [&hellip;]<\/p>\n","protected":false},"author":1,"featured_media":0,"comment_status":"open","ping_status":"open","sticky":false,"template":"","format":"standard","meta":{"footnotes":""},"categories":[5],"tags":[],"class_list":["post-2419","post","type-post","status-publish","format-standard","hentry","category-noticias"],"amp_enabled":true,"_links":{"self":[{"href":"https:\/\/centrosportivoalagoano.com.br\/index.php\/wp-json\/wp\/v2\/posts\/2419","targetHints":{"allow":["GET"]}}],"collection":[{"href":"https:\/\/centrosportivoalagoano.com.br\/index.php\/wp-json\/wp\/v2\/posts"}],"about":[{"href":"https:\/\/centrosportivoalagoano.com.br\/index.php\/wp-json\/wp\/v2\/types\/post"}],"author":[{"embeddable":true,"href":"https:\/\/centrosportivoalagoano.com.br\/index.php\/wp-json\/wp\/v2\/users\/1"}],"replies":[{"embeddable":true,"href":"https:\/\/centrosportivoalagoano.com.br\/index.php\/wp-json\/wp\/v2\/comments?post=2419"}],"version-history":[{"count":0,"href":"https:\/\/centrosportivoalagoano.com.br\/index.php\/wp-json\/wp\/v2\/posts\/2419\/revisions"}],"wp:attachment":[{"href":"https:\/\/centrosportivoalagoano.com.br\/index.php\/wp-json\/wp\/v2\/media?parent=2419"}],"wp:term":[{"taxonomy":"category","embeddable":true,"href":"https:\/\/centrosportivoalagoano.com.br\/index.php\/wp-json\/wp\/v2\/categories?post=2419"},{"taxonomy":"post_tag","embeddable":true,"href":"https:\/\/centrosportivoalagoano.com.br\/index.php\/wp-json\/wp\/v2\/tags?post=2419"}],"curies":[{"name":"wp","href":"https:\/\/api.w.org\/{rel}","templated":true}]}}